{"id":11874,"date":"2025-09-21T11:05:29","date_gmt":"2025-09-21T11:05:29","guid":{"rendered":"https:\/\/lagaleriedart.ch\/?p=11874"},"modified":"2025-10-01T20:04:15","modified_gmt":"2025-10-01T20:04:15","slug":"quand-le-3eme-art-rencontre-le-7eme-art","status":"publish","type":"post","link":"https:\/\/lagaleriedart.ch\/pt\/quand-le-3eme-art-rencontre-le-7eme-art\/","title":{"rendered":"Quando a 3\u00aa arte se encontra com a 7\u00aa arte!"},"content":{"rendered":"<p>Para a 3\u00aa edi\u00e7\u00e3o de Le lev\u00e9e de voile, um evento inspirado no Renascimento italiano, a obra misteriosa foi revelada no s\u00e1bado, 13 de setembro, \u00e0s 11 horas, na Place de la Galerie d'Art em Ch\u00e2tel-St-Denis, com a presen\u00e7a de mais de 60 amantes da arte. Pierre Monnard, realizador da s\u00e9rie televisiva \"Pal\u00e1cio de inverno\" e natural de Ch\u00e2tel-St-Denis, estava presente e declarou-se muito emocionado por ver imortalizada uma das cenas da sua s\u00e9rie. Sandra Kupferschmid, pintora e fundadora da galeria de arte, apresentou a sua obra ao estilo de uma obra de arte ankeriana. A pintura a \u00f3leo retrata crian\u00e7as da aldeia fict\u00edcia de Champaz a brincar em frente \u00e0 igreja, duas das quais eram filhos do realizador, algo que a artista desconhecia. O p\u00fablico p\u00f4de tamb\u00e9m admirar mais de cinquenta obras de arte expostas na galeria de arte.<br>Dois habitantes locais apaixonados pela arte deram vida \u00e0 antiga cidade de Ch\u00e2tel-St-Denis.<\/p>\n\n\n\n<p><\/p>\n\n\n\n<p>Realizado por Pal\u00e1cio de inverno: Pierre Monnard - colabora\u00e7\u00e3o RTS \/ Netflix - dezembro de 2024<\/p>\n\n\n\n<p>Cria\u00e7\u00e3o da s\u00e9rie: Lindsay Shapero <\/p>\n\n\n\n<p><em><br>V\u00eddeo : Victoria Fankhaenel<\/em><\/p>\n\n\n\n<p><em>Pintura: Sandra Kupferschmid<\/em><\/p>\n\n\n\n<p><\/p>","protected":false},"excerpt":{"rendered":"<p>Pour la 3\u00e8me Edition du lever de voile, \u00e9v\u00e9nement inspir\u00e9 de la Renaissance italienne, l\u2019\u0153uvre myst\u00e8re a \u00e9t\u00e9 r\u00e9v\u00e9l\u00e9e ce samedi 13 septembre \u00e0 11h00 sur la place de la galerie d\u2019art \u00e0 Ch\u00e2tel-St-Denis, avec plus de 60 passionn\u00e9s d\u2019Art, pr\u00e9sents. Pierre Monnard, r\u00e9alisateur de la s\u00e9rie tv Winter Palace et natif de Ch\u00e2tel-st-Denis \u00e9tait [&hellip;]<\/p>","protected":false},"author":2,"featured_media":11878,"comment_status":"closed","ping_status":"closed","sticky":false,"template":"","format":"standard","meta":{"_acf_changed":false,"footnotes":""},"categories":[1],"tags":[],"class_list":["post-11874","post","type-post","status-publish","format-standard","has-post-thumbnail","hentry","category-uncategorized"],"acf":[],"_links":{"self":[{"href":"https:\/\/lagaleriedart.ch\/pt\/wp-json\/wp\/v2\/posts\/11874","targetHints":{"allow":["GET"]}}],"collection":[{"href":"https:\/\/lagaleriedart.ch\/pt\/wp-json\/wp\/v2\/posts"}],"about":[{"href":"https:\/\/lagaleriedart.ch\/pt\/wp-json\/wp\/v2\/types\/post"}],"author":[{"embeddable":true,"href":"https:\/\/lagaleriedart.ch\/pt\/wp-json\/wp\/v2\/users\/2"}],"replies":[{"embeddable":true,"href":"https:\/\/lagaleriedart.ch\/pt\/wp-json\/wp\/v2\/comments?post=11874"}],"version-history":[{"count":18,"href":"https:\/\/lagaleriedart.ch\/pt\/wp-json\/wp\/v2\/posts\/11874\/revisions"}],"predecessor-version":[{"id":11946,"href":"https:\/\/lagaleriedart.ch\/pt\/wp-json\/wp\/v2\/posts\/11874\/revisions\/11946"}],"wp:featuredmedia":[{"embeddable":true,"href":"https:\/\/lagaleriedart.ch\/pt\/wp-json\/wp\/v2\/media\/11878"}],"wp:attachment":[{"href":"https:\/\/lagaleriedart.ch\/pt\/wp-json\/wp\/v2\/media?parent=11874"}],"wp:term":[{"taxonomy":"category","embeddable":true,"href":"https:\/\/lagaleriedart.ch\/pt\/wp-json\/wp\/v2\/categories?post=11874"},{"taxonomy":"post_tag","embeddable":true,"href":"https:\/\/lagaleriedart.ch\/pt\/wp-json\/wp\/v2\/tags?post=11874"}],"curies":[{"name":"wp","href":"https:\/\/api.w.org\/{rel}","templated":true}]}}