{"id":11855,"date":"2025-09-11T21:09:41","date_gmt":"2025-09-11T21:09:41","guid":{"rendered":"https:\/\/lagaleriedart.ch\/?p=11855"},"modified":"2025-10-01T19:57:49","modified_gmt":"2025-10-01T19:57:49","slug":"lever-de-voile-a-la-galerie-dart-le-samedi-13-septembre-prochain","status":"publish","type":"post","link":"https:\/\/lagaleriedart.ch\/pt\/lever-de-voile-a-la-galerie-dart-le-samedi-13-septembre-prochain\/","title":{"rendered":"O pano sobe na Galerie d'Art no s\u00e1bado, 13 de setembro!"},"content":{"rendered":"<p>\u00abSandra Kupferschmid tem o prazer de o convidar para a 3\u00aa edi\u00e7\u00e3o de Le lev\u00e9e de voile, apadrinhada pelo cineasta local Pierre Monnard, que estar\u00e1 presente no evento. H\u00e1 3 anos, Sandra Kupferschmid teve a ideia de reviver a tradi\u00e7\u00e3o renascentista italiana de levantar o v\u00e9u, que consiste em revelar uma pintura misteriosa ao grande p\u00fablico. A obra \u00e9 mantida em segredo at\u00e9 ao evento, que re\u00fane os amantes da arte e o artista em frente \u00e0 galeria. Isto devolve o esp\u00edrito de descoberta a uma obra que n\u00e3o aparece em nenhuma das redes sociais. Os espectadores poder\u00e3o participar num acontecimento ins\u00f3lito que vai contra a corrente dos tempos e que \u00e9 \u00fanico na Su\u00ed\u00e7a. \u00c9 oferecida uma bebida.<br>Partimos \u00e0s 11 horas em ponto no s\u00e1bado.\u00bb<\/p>\n\n\n\n<p><em><br>Foto: Philippe Blanc<\/em><\/p>\n\n\n\n<p><em>Pintura: Sandra Kupferschmid<\/em><br><\/p>\n\n\n\n<p><\/p>","protected":false},"excerpt":{"rendered":"<p>\u00ab&nbsp;Sandra Kupferschmid a le plaisir de vous inviter au lever de voile 3\u00e8me \u00e9dition avec un parrainage exceptionnel du r\u00e9alisateur ch\u00e2telois Pierre Monnard, pr\u00e9sent pour l&rsquo;\u00e9v\u00e9nement. Il y a 3 ans, Sandra Kupferschmid a eu l&rsquo;id\u00e9e de reprendre la tradition italienne de la Renaissance instaur\u00e9e par Botticelli pour le lever de voile qui consiste \u00e0 [&hellip;]<\/p>","protected":false},"author":2,"featured_media":11856,"comment_status":"closed","ping_status":"closed","sticky":false,"template":"","format":"standard","meta":{"_acf_changed":false,"footnotes":""},"categories":[1],"tags":[],"class_list":["post-11855","post","type-post","status-publish","format-standard","has-post-thumbnail","hentry","category-uncategorized"],"acf":[],"_links":{"self":[{"href":"https:\/\/lagaleriedart.ch\/pt\/wp-json\/wp\/v2\/posts\/11855","targetHints":{"allow":["GET"]}}],"collection":[{"href":"https:\/\/lagaleriedart.ch\/pt\/wp-json\/wp\/v2\/posts"}],"about":[{"href":"https:\/\/lagaleriedart.ch\/pt\/wp-json\/wp\/v2\/types\/post"}],"author":[{"embeddable":true,"href":"https:\/\/lagaleriedart.ch\/pt\/wp-json\/wp\/v2\/users\/2"}],"replies":[{"embeddable":true,"href":"https:\/\/lagaleriedart.ch\/pt\/wp-json\/wp\/v2\/comments?post=11855"}],"version-history":[{"count":8,"href":"https:\/\/lagaleriedart.ch\/pt\/wp-json\/wp\/v2\/posts\/11855\/revisions"}],"predecessor-version":[{"id":11942,"href":"https:\/\/lagaleriedart.ch\/pt\/wp-json\/wp\/v2\/posts\/11855\/revisions\/11942"}],"wp:featuredmedia":[{"embeddable":true,"href":"https:\/\/lagaleriedart.ch\/pt\/wp-json\/wp\/v2\/media\/11856"}],"wp:attachment":[{"href":"https:\/\/lagaleriedart.ch\/pt\/wp-json\/wp\/v2\/media?parent=11855"}],"wp:term":[{"taxonomy":"category","embeddable":true,"href":"https:\/\/lagaleriedart.ch\/pt\/wp-json\/wp\/v2\/categories?post=11855"},{"taxonomy":"post_tag","embeddable":true,"href":"https:\/\/lagaleriedart.ch\/pt\/wp-json\/wp\/v2\/tags?post=11855"}],"curies":[{"name":"wp","href":"https:\/\/api.w.org\/{rel}","templated":true}]}}