{"id":11762,"date":"2025-02-06T14:26:48","date_gmt":"2025-02-06T14:26:48","guid":{"rendered":"https:\/\/lagaleriedart.ch\/?p=11762"},"modified":"2025-09-29T13:31:17","modified_gmt":"2025-09-29T13:31:17","slug":"plongez-dans-lart-de-sandra-kupferschmid","status":"publish","type":"post","link":"https:\/\/lagaleriedart.ch\/pt\/plongez-dans-lart-de-sandra-kupferschmid\/","title":{"rendered":"Mergulhe na arte de Sandra KUPFERSCHMID"},"content":{"rendered":"<p>A Galerie d'Art convida-o a mergulhar no mundo art\u00edstico de Sandra Kupferschmid em duas sec\u00e7\u00f5es distintas.<\/p>\n\n\n\n<p>A p\u00e1gina \u00abPortfolio\u00bb oferece uma apresenta\u00e7\u00e3o exaustiva da sua obra, incluindo 146 pinturas a \u00f3leo produzidas at\u00e9 \u00e0 data. Os visitantes podem explorar diferentes per\u00edodos da sua cria\u00e7\u00e3o, acompanhados de coment\u00e1rios pessoais do artista. Est\u00e3o dispon\u00edveis vers\u00f5es em franc\u00eas e ingl\u00eas do portef\u00f3lio, garantindo a acessibilidade internacional.<\/p>\n\n\n\n<p>Para uma introdu\u00e7\u00e3o mais concisa, a sec\u00e7\u00e3o \u00abLivro parcial\u00bb oferece uma sele\u00e7\u00e3o digital de 22 pinturas escolhidas por Sandra Kupferschmid. <\/p>\n\n\n\n<p>Clique aqui : <a style=\"color: #9D8135;\" href=\"https:\/\/lagaleriedart.ch\/pt\/portfolio\/\">Descubra o livro completo<\/a><\/p>\n\n\n\n<p>ou <\/p>\n\n\n\n<p>Veja abaixo o TOP 22 franc\u00eas<\/p>\n\n\n<div class=\"_df_thumb\" id=\"df_11203\"  _slug=\"atomic-habits\" data-title=\"le-book-partiel\" wpoptions=\"true\" thumb=\"https:\/\/lagaleriedart.ch\/wp-content\/uploads\/2025\/01\/Artiste-peintre-Architecte-partiel.jpg\" thumbtype=\"\" >O livro parcial<\/div><script class=\"df-shortcode-script\" nowprocket type=\"application\/javascript\">window.option_df_11203 = {\"outline\":[],\"backgroundColor\":\"#F7F7F7\",\"autoEnableOutline\":\"false\",\"autoEnableThumbnail\":\"false\",\"overwritePDFOutline\":\"false\",\"direction\":\"1\",\"pageSize\":\"0\",\"maxTextureSize\":\"1400\",\"source\":\"https:\\\/\\\/lagaleriedart.ch\\\/wp-content\\\/uploads\\\/2025\\\/01\\\/Book-partiel-22-oeuvres-SLK.pdf\",\"wpOptions\":\"true\"}; if(window.DFLIP && window.DFLIP.parseBooks){window.DFLIP.parseBooks();}<\/script>\n\n\n\n<p><em>Foto: Aur\u00e9lie Felli<\/em><\/p>","protected":false},"excerpt":{"rendered":"<p>La Galerie d&rsquo;Art vous propose une immersion dans l&rsquo;univers artistique de Sandra Kupferschmid \u00e0 travers deux sections distinctes. La page \u00ab\u00a0Portfolio\u00a0\u00bb offre une pr\u00e9sentation exhaustive de son \u0153uvre, incluant 146 tableaux \u00e0 l&rsquo;huile r\u00e9alis\u00e9s jusqu&rsquo;\u00e0 aujourd&rsquo;hui. Les visiteurs peuvent y explorer diff\u00e9rentes p\u00e9riodes de sa cr\u00e9ation, accompagn\u00e9es de commentaires personnels de l&rsquo;artiste. Les versions fran\u00e7aise [&hellip;]<\/p>","protected":false},"author":1,"featured_media":10215,"comment_status":"closed","ping_status":"closed","sticky":false,"template":"","format":"standard","meta":{"_acf_changed":false,"footnotes":""},"categories":[17],"tags":[],"class_list":["post-11762","post","type-post","status-publish","format-standard","has-post-thumbnail","hentry","category-livre"],"acf":[],"_links":{"self":[{"href":"https:\/\/lagaleriedart.ch\/pt\/wp-json\/wp\/v2\/posts\/11762","targetHints":{"allow":["GET"]}}],"collection":[{"href":"https:\/\/lagaleriedart.ch\/pt\/wp-json\/wp\/v2\/posts"}],"about":[{"href":"https:\/\/lagaleriedart.ch\/pt\/wp-json\/wp\/v2\/types\/post"}],"author":[{"embeddable":true,"href":"https:\/\/lagaleriedart.ch\/pt\/wp-json\/wp\/v2\/users\/1"}],"replies":[{"embeddable":true,"href":"https:\/\/lagaleriedart.ch\/pt\/wp-json\/wp\/v2\/comments?post=11762"}],"version-history":[{"count":17,"href":"https:\/\/lagaleriedart.ch\/pt\/wp-json\/wp\/v2\/posts\/11762\/revisions"}],"predecessor-version":[{"id":11928,"href":"https:\/\/lagaleriedart.ch\/pt\/wp-json\/wp\/v2\/posts\/11762\/revisions\/11928"}],"wp:featuredmedia":[{"embeddable":true,"href":"https:\/\/lagaleriedart.ch\/pt\/wp-json\/wp\/v2\/media\/10215"}],"wp:attachment":[{"href":"https:\/\/lagaleriedart.ch\/pt\/wp-json\/wp\/v2\/media?parent=11762"}],"wp:term":[{"taxonomy":"category","embeddable":true,"href":"https:\/\/lagaleriedart.ch\/pt\/wp-json\/wp\/v2\/categories?post=11762"},{"taxonomy":"post_tag","embeddable":true,"href":"https:\/\/lagaleriedart.ch\/pt\/wp-json\/wp\/v2\/tags?post=11762"}],"curies":[{"name":"wp","href":"https:\/\/api.w.org\/{rel}","templated":true}]}}